{"id":77687,"date":"2026-09-01T08:54:26","date_gmt":"2026-09-01T08:54:26","guid":{"rendered":"https:\/\/datappeal.io\/?p=77687"},"modified":"2026-09-01T08:54:39","modified_gmt":"2026-09-01T08:54:39","slug":"il-caldo-estremo-inizia-a-ridefinire-la-percezione-dei-viaggiatori-verso-leuropa-mediterranea-nel-2026","status":"publish","type":"post","link":"https:\/\/datappeal.io\/it\/il-caldo-estremo-inizia-a-ridefinire-la-percezione-dei-viaggiatori-verso-leuropa-mediterranea-nel-2026\/","title":{"rendered":"Il caldo estremo inizia a ridefinire la percezione dei viaggiatori verso l\u2019Europa mediterranea nel 2026"},"content":{"rendered":"[vc_row type=&#8221;in_container&#8221; full_screen_row_position=&#8221;middle&#8221; column_margin=&#8221;default&#8221; column_direction=&#8221;default&#8221; column_direction_tablet=&#8221;default&#8221; column_direction_phone=&#8221;default&#8221; scene_position=&#8221;center&#8221; bottom_padding=&#8221;5%&#8221; bottom_padding_tablet=&#8221;15%&#8221; text_color=&#8221;dark&#8221; text_align=&#8221;left&#8221; row_border_radius=&#8221;none&#8221; row_border_radius_applies=&#8221;bg&#8221; overflow=&#8221;visible&#8221; class=&#8221;no-left-col-row&#8221; overlay_strength=&#8221;0.3&#8243; gradient_direction=&#8221;left_to_right&#8221; shape_divider_position=&#8221;bottom&#8221; bg_image_animation=&#8221;none&#8221; gradient_type=&#8221;default&#8221; shape_type=&#8221;&#8221;][vc_column column_padding=&#8221;no-extra-padding&#8221; column_padding_tablet=&#8221;inherit&#8221; column_padding_phone=&#8221;inherit&#8221; column_padding_position=&#8221;all&#8221; column_element_direction_desktop=&#8221;default&#8221; column_element_spacing=&#8221;default&#8221; desktop_text_alignment=&#8221;default&#8221; tablet_text_alignment=&#8221;default&#8221; phone_text_alignment=&#8221;default&#8221; background_color_opacity=&#8221;1&#8243; background_hover_color_opacity=&#8221;1&#8243; column_backdrop_filter=&#8221;none&#8221; column_shadow=&#8221;none&#8221; column_border_radius=&#8221;none&#8221; column_link_target=&#8221;_self&#8221; column_position=&#8221;default&#8221; el_class=&#8221;left-col&#8221; gradient_direction=&#8221;left_to_right&#8221; overlay_strength=&#8221;0.3&#8243; width=&#8221;1\/4&#8243; tablet_width_inherit=&#8221;default&#8221; animation_type=&#8221;default&#8221; bg_image_animation=&#8221;none&#8221; border_type=&#8221;simple&#8221; column_border_width=&#8221;none&#8221; column_border_style=&#8221;solid&#8221; column_padding_type=&#8221;default&#8221; gradient_type=&#8221;default&#8221;][\/vc_column][vc_column column_padding=&#8221;padding-3-percent&#8221; column_padding_tablet=&#8221;no-extra-padding&#8221; column_padding_phone=&#8221;no-extra-padding&#8221; column_padding_position=&#8221;left&#8221; column_element_direction_desktop=&#8221;default&#8221; column_element_spacing=&#8221;default&#8221; desktop_text_alignment=&#8221;default&#8221; tablet_text_alignment=&#8221;default&#8221; phone_text_alignment=&#8221;default&#8221; background_color_opacity=&#8221;1&#8243; background_hover_color_opacity=&#8221;1&#8243; column_backdrop_filter=&#8221;none&#8221; column_shadow=&#8221;none&#8221; column_border_radius=&#8221;none&#8221; column_link_target=&#8221;_self&#8221; column_position=&#8221;default&#8221; el_class=&#8221;right-col&#8221; gradient_direction=&#8221;left_to_right&#8221; overlay_strength=&#8221;0.3&#8243; width=&#8221;3\/4&#8243; tablet_width_inherit=&#8221;default&#8221; animation_type=&#8221;default&#8221; bg_image_animation=&#8221;none&#8221; border_type=&#8221;simple&#8221; column_border_width=&#8221;none&#8221; column_border_style=&#8221;solid&#8221; column_padding_type=&#8221;default&#8221; gradient_type=&#8221;default&#8221;][vc_column_text text_direction=&#8221;default&#8221;]<b><i>Una nuova analisi del Climate Perception Index di The Data Appeal Company mostra che le ondate di calore ripetute e insolitamente precoci stanno iniziando a influenzare il modo in cui i viaggiatori percepiscono le condizioni climatiche estive nell\u2019Europa meridionale, con Francia e Italia che evidenziano i segnali pi\u00f9 chiari di cambiamento.<\/i><\/b><a href=\"https:\/\/almavivaitaliaspa-my.sharepoint.com\/personal\/m_nieri_almawave_it\/_layouts\/15\/Doc.aspx?sourcedoc=%7B5B347E8F-2C07-448F-801C-1D3BBD757433%7D&amp;file=PR_ClimatePCIMedSouth_Sep2026.docx&amp;action=default&amp;mobileredirect=true\"><span style=\"font-weight: 400;\">\u00a0<\/span><\/a><\/p>\n<p><b>FIRENZE, 1 settembre 2026<\/b><span style=\"font-weight: 400;\"> \u2013 Dopo un\u2019estate caratterizzata da ondate di calore frequenti e temperature superiori ai 40\u00b0C in diverse aree d\u2019Europa, il caldo estremo \u00e8 diventato un elemento centrale nelle conversazioni sui viaggi del 2026. Una nuova analisi di <\/span><b>The Data Appeal Company \/ Gruppo Almaviva<\/b><span style=\"font-weight: 400;\"> evidenzia che, sebbene le destinazioni mediterranee continuino a essere fortemente associate a condizioni climatiche estive favorevoli, il ripetersi di episodi di caldo intenso e inatteso sta iniziando a mettere in discussione questa percezione per alcuni mercati.<\/span><a href=\"https:\/\/almavivaitaliaspa-my.sharepoint.com\/personal\/m_nieri_almawave_it\/_layouts\/15\/Doc.aspx?sourcedoc=%7B5B347E8F-2C07-448F-801C-1D3BBD757433%7D&amp;file=PR_ClimatePCIMedSouth_Sep2026.docx&amp;action=default&amp;mobileredirect=true\"><span style=\"font-weight: 400;\">\u00a0<\/span><\/a><\/p>\n<p><span style=\"font-weight: 400;\">Utilizzando la piattaforma di travel intelligence <\/span><b>Data Appeal Mabrian<\/b><span style=\"font-weight: 400;\">, lo studio analizza l\u2019evoluzione del <\/span><b>Perception of Climate Index (PCI)<\/b><span style=\"font-weight: 400;\"> nelle cinque principali destinazioni del Mediterraneo meridionale, <\/span><b>Spagna, Portogallo, Francia, Italia e Grecia<\/b><span style=\"font-weight: 400;\">, dal 2023 all\u2019estate 2026, esaminando i cambiamenti nella percezione dei viaggiatori e la loro reattivit\u00e0 in relazione ai periodi di ondate di calore registrati ufficialmente.<\/span><\/p>\n<p><b>Cinque principali evidenze emergono dall\u2019analisi 2026<\/b><\/p>\n<h3><b>\u2022 Il caldo continua a generare soprattutto shock percettivi di breve periodo, ma il 2026 mostra i primi segnali di un cambiamento pi\u00f9 strutturale<\/b><\/h3>\n<p><span style=\"font-weight: 400;\">Nelle destinazioni mediterranee il PCI tende generalmente a diminuire durante le ondate di calore e a recuperare una volta che le temperature tornano alla normalit\u00e0. Tuttavia, episodi sempre pi\u00f9 frequenti, precoci e prolungati stanno iniziando a superare il semplice disagio temporaneo, influenzando in modo pi\u00f9 ampio la percezione delle condizioni climatiche estive.<\/span><a href=\"https:\/\/almavivaitaliaspa-my.sharepoint.com\/personal\/m_nieri_almawave_it\/_layouts\/15\/Doc.aspx?sourcedoc=%7B5B347E8F-2C07-448F-801C-1D3BBD757433%7D&amp;file=PR_ClimatePCIMedSouth_Sep2026.docx&amp;action=default&amp;mobileredirect=true\"><span style=\"font-weight: 400;\">\u00a0<\/span><\/a><\/p>\n<h3><b>\u2022 La Francia rappresenta il segnale di allerta pi\u00f9 evidente<\/b><\/h3>\n<p><span style=\"font-weight: 400;\">La Francia ha registrato un PCI medio di <\/span><b>77,2 tra maggio e luglio 2026<\/b><span style=\"font-weight: 400;\">, nettamente inferiore rispetto a Portogallo (93,5), Italia (91,6), Spagna (90,4) e Grecia (89,9). Le ondate di caldo ripetute e atipiche a inizio stagione sembrano generare i segnali pi\u00f9 marcati di un possibile deterioramento dell\u2019attrattivit\u00e0 climatica della destinazione.<\/span><a href=\"https:\/\/almavivaitaliaspa-my.sharepoint.com\/personal\/m_nieri_almawave_it\/_layouts\/15\/Doc.aspx?sourcedoc=%7B5B347E8F-2C07-448F-801C-1D3BBD757433%7D&amp;file=PR_ClimatePCIMedSouth_Sep2026.docx&amp;action=default&amp;mobileredirect=true\"><span style=\"font-weight: 400;\">\u00a0<\/span><\/a><\/p>\n<h3><b>\u2022 L\u2019Italia inizia a mostrare segnali di un effetto cumulativo<\/b><\/h3>\n<p><span style=\"font-weight: 400;\">Dopo aver raggiunto una solida media PCI di <\/span><b>92,2 nell\u2019estate 2025<\/b><span style=\"font-weight: 400;\">, il valore registrato tra maggio e luglio 2026 risulta <\/span><b>inferiore di 0,9 punti<\/b><span style=\"font-weight: 400;\"> rispetto allo stesso periodo dell\u2019anno precedente. Pur mantenendosi su livelli elevati, il dato torna sostanzialmente nell\u2019intervallo osservato negli anni precedenti. Sebbene le singole ondate di calore abbiano generato reazioni di breve periodo relativamente moderate, l\u2019esposizione ripetuta a temperature estreme sembra <\/span><b>iniziare a incidere sull\u2019evoluzione complessiva della percezione climatica dei viaggiatori<\/b><span style=\"font-weight: 400;\">.<\/span><a href=\"https:\/\/almavivaitaliaspa-my.sharepoint.com\/personal\/m_nieri_almawave_it\/_layouts\/15\/Doc.aspx?sourcedoc=%7B5B347E8F-2C07-448F-801C-1D3BBD757433%7D&amp;file=PR_ClimatePCIMedSouth_Sep2026.docx&amp;action=default&amp;mobileredirect=true\"><span style=\"font-weight: 400;\">\u00a0<\/span><\/a><\/p>\n<h3><b>\u2022 Spagna e Grecia restano resilienti, ma altamente sensibili al caldo estremo<\/b><\/h3>\n<p><span style=\"font-weight: 400;\">Entrambe le destinazioni mostrano <\/span><b>marcate oscillazioni del PCI nel breve periodo durante le ondate di calore<\/b><span style=\"font-weight: 400;\">, soprattutto quando le condizioni estreme si verificano precocemente o persistono a lungo. La percezione climatica estiva della Spagna rimane complessivamente solida, con una media di 87,2 dal 2023, mentre la Grecia mantiene una media di 89,2, pur registrando nel 2026 risultati leggermente inferiori rispetto agli anni precedenti.<\/span><a href=\"https:\/\/almavivaitaliaspa-my.sharepoint.com\/personal\/m_nieri_almawave_it\/_layouts\/15\/Doc.aspx?sourcedoc=%7B5B347E8F-2C07-448F-801C-1D3BBD757433%7D&amp;file=PR_ClimatePCIMedSouth_Sep2026.docx&amp;action=default&amp;mobileredirect=true\"><span style=\"font-weight: 400;\">\u00a0<\/span><\/a><\/p>\n<h3><b>\u2022 Il Portogallo dimostra come le aspettative climatiche possano generare resilienza<\/b><\/h3>\n<p><span style=\"font-weight: 400;\">Con un PCI medio di <\/span><b>91,1 nelle estati analizzate<\/b><span style=\"font-weight: 400;\">, il Portogallo registra una delle percezioni climatiche pi\u00f9 stabili della regione. La progressiva normalizzazione di estati pi\u00f9 calde sembra ridurre la sensibilit\u00e0 alle alte temperature. Anche un forte calo di <\/span><b>33,5 punti<\/b><span style=\"font-weight: 400;\"> durante l\u2019eccezionale ondata di calore del settembre 2025 si \u00e8 infatti rivelato temporaneo. Questo conferma una delle principali conclusioni dello studio: <\/span><b>le aspettative dei viaggiatori contano quasi quanto le temperature stesse<\/b><span style=\"font-weight: 400;\">.<\/span><\/p>\n<p><span style=\"font-weight: 400;\">L\u2019analisi evidenzia inoltre differenze significative tra i mercati di origine. <\/span><b>I viaggiatori francesi<\/b><span style=\"font-weight: 400;\">, insieme ai viaggiatori domestici nei due mercati analizzati, <\/span><b>Spagna e Francia<\/b><span style=\"font-weight: 400;\">, tendono a essere maggiormente sensibili al caldo estremo. Al contrario, i viaggiatori britannici mostrano generalmente reazioni negative nel breve termine, seguite per\u00f2 da un recupero relativamente rapido. I viaggiatori statunitensi appaiono invece pi\u00f9 tolleranti rispetto al caldo estivo mediterraneo, mantenendo percezioni climatiche positive anche durante periodi di temperature particolarmente elevate.<\/span><a href=\"https:\/\/almavivaitaliaspa-my.sharepoint.com\/personal\/m_nieri_almawave_it\/_layouts\/15\/Doc.aspx?sourcedoc=%7B5B347E8F-2C07-448F-801C-1D3BBD757433%7D&amp;file=PR_ClimatePCIMedSouth_Sep2026.docx&amp;action=default&amp;mobileredirect=true\"><span style=\"font-weight: 400;\">\u00a0<\/span><\/a><\/p>\n<p><span style=\"font-weight: 400;\">I risultati suggeriscono che <\/span><b>l\u2019impatto del cambiamento climatico sul turismo non pu\u00f2 essere misurato esclusivamente attraverso le temperature<\/b><span style=\"font-weight: 400;\">. Per le destinazioni conta soprattutto quanto le condizioni estreme risultino insolite, prolungate e inattese, e se arrivino a mettere in discussione le aspettative consolidate dei viaggiatori su ci\u00f2 che dovrebbe essere una vacanza estiva.<\/span><a href=\"https:\/\/almavivaitaliaspa-my.sharepoint.com\/personal\/m_nieri_almawave_it\/_layouts\/15\/Doc.aspx?sourcedoc=%7B5B347E8F-2C07-448F-801C-1D3BBD757433%7D&amp;file=PR_ClimatePCIMedSouth_Sep2026.docx&amp;action=default&amp;mobileredirect=true\"><span style=\"font-weight: 400;\">\u00a0<\/span><\/a><\/p>\n<p><b>\u201cCon il clima estremo che diventa una componente sempre pi\u00f9 visibile dell\u2019esperienza di viaggio, le destinazioni devono passare da un approccio reattivo a uno proattivo nella gestione delle condizioni climatiche. Le ondate di calore non possono essere controllate, ma le aspettative e l\u2019esperienza dei viaggiatori s\u00ec\u201d<\/b><span style=\"font-weight: 400;\">, afferma <\/span><b>Carlos Cendra, Chief Marketing and Communications Officer di The Data Appeal Company<\/b><span style=\"font-weight: 400;\">.<\/span><b>\u201cComprendere come le soglie di comfort varino tra i diversi mercati pu\u00f2 aiutare le destinazioni ad adattare la propria offerta, il momento in cui la promuovono e il modo in cui costruiscono esperienze lungo tutto l\u2019arco della stagione.\u201d<\/b><a href=\"https:\/\/almavivaitaliaspa-my.sharepoint.com\/personal\/m_nieri_almawave_it\/_layouts\/15\/Doc.aspx?sourcedoc=%7B5B347E8F-2C07-448F-801C-1D3BBD757433%7D&amp;file=PR_ClimatePCIMedSouth_Sep2026.docx&amp;action=default&amp;mobileredirect=true\"><span style=\"font-weight: 400;\">\u00a0<\/span><\/a><\/p>\n<p>&nbsp;<\/p>\n<p><b><i>Scarica il report \u201cLa nuova realt\u00e0 climatica nel Mediterraneo: come le ondate di calore stanno ridefinendo la percezione dei viaggiatori\u201d al seguente link:\u00a0 <\/i><\/b><a href=\"https:\/\/datappeal.io\/it\/ondate-calore-percezione-mediterrano\/\"><b><i>https:\/\/datappeal.io\/it\/ondate-calore-percezione-mediterrano<\/i><\/b><\/a><b><i>\u00a0<\/i><\/b><\/p>\n<p><i><span style=\"font-weight: 400;\">* <\/span><\/i><b><i>Il Perception of Climate Index (PCI)<\/i><\/b><i><span style=\"font-weight: 400;\"> misura la percezione dei viaggiatori rispetto alle condizioni climatiche delle destinazioni su una scala da 0 a 100. L\u2019analisi copre i mesi estivi (maggio-settembre) in Spagna, Portogallo, Francia, Italia e Grecia dal 2023, con dati 2026 analizzati fino a luglio.<\/span><\/i><\/p>\n<p>&nbsp;<\/p>\n<p><b><i>The Data Appeal Company<\/i><\/b><\/p>\n<p><i><span style=\"font-weight: 400;\">Parte del Gruppo Almaviva dal 2022, The Data Appeal Company (Data Appeal) \u00e8 leader globale nella data intelligence per il turismo basata su intelligenza artificiale. Insieme a Mabrian Technologies, l&#8217;azienda ha sviluppato la soluzione proprietaria di travel intelligence Data Appeal Mabrian: un ecosistema integrato che trasforma i Big Data provenienti da oltre 130 fonti in insight predittivi e indicazioni strategiche per destinazioni, enti turistici e professionisti del settore in tutto il mondo. Grazie a un mix di IA proprietaria, analisi avanzate e competenze specialistiche di consulenza turistica, Data Appeal aiuta le organizzazioni del settore travel &amp; tourism a prendere decisioni pi\u00f9 consapevoli, ottimizzare le strategie di marketing, migliorare l&#8217;esperienza dei visitatori e favorire una crescita sostenibile e una competitivit\u00e0 duratura. Il portfolio di Data Appeal include anche Coach, piattaforma per l&#8217;ottimizzazione della web reputation, e Location, soluzione di spatial intelligence a supporto della pianificazione territoriale strategica.<\/span><\/i><\/p>\n<p>&nbsp;<\/p>\n<p><span style=\"font-weight: 400;\">More information:<\/span><\/p>\n<p><b><i>Ana Maria Marquez<br \/>\n<\/i><\/b><b><i>Communications Manager<br \/>\n<\/i><\/b><i><span style=\"font-weight: 400;\">+34679650890<br \/>\n<\/span><\/i><a href=\"mailto:amarquez@dataappeal.io\"><i><span style=\"font-weight: 400;\">amarquez@datappeal.io<\/span><\/i><\/a><i><span style=\"font-weight: 400;\">\u00a0<\/span><\/i>[\/vc_column_text][vc_gallery type=&#8221;nectarslider_style&#8221; images=&#8221;77689,77693,77697,77701,77705&#8243; image_loading=&#8221;default&#8221; bullet_navigation=&#8221;true&#8221; bullet_navigation_style=&#8221;see_through&#8221; onclick=&#8221;link_image&#8221;][\/vc_column][\/vc_row]\n","protected":false},"excerpt":{"rendered":"<p>[vc_row type=&#8221;in_container&#8221; full_screen_row_position=&#8221;middle&#8221; column_margin=&#8221;default&#8221; column_direction=&#8221;default&#8221; column_direction_tablet=&#8221;default&#8221; column_direction_phone=&#8221;default&#8221; scene_position=&#8221;center&#8221; bottom_padding=&#8221;5%&#8221; bottom_padding_tablet=&#8221;15%&#8221; text_color=&#8221;dark&#8221; text_align=&#8221;left&#8221; row_border_radius=&#8221;none&#8221; row_border_radius_applies=&#8221;bg&#8221; overflow=&#8221;visible&#8221; class=&#8221;no-left-col-row&#8221; overlay_strength=&#8221;0.3&#8243; gradient_direction=&#8221;left_to_right&#8221; shape_divider_position=&#8221;bottom&#8221; bg_image_animation=&#8221;none&#8221; gradient_type=&#8221;default&#8221; shape_type=&#8221;&#8221;][vc_column column_padding=&#8221;no-extra-padding&#8221; column_padding_tablet=&#8221;inherit&#8221; column_padding_phone=&#8221;inherit&#8221; column_padding_position=&#8221;all&#8221; column_element_direction_desktop=&#8221;default&#8221; column_element_spacing=&#8221;default&#8221; desktop_text_alignment=&#8221;default&#8221; tablet_text_alignment=&#8221;default&#8221;&#8230;<\/p>\n","protected":false},"author":2,"featured_media":77637,"comment_status":"closed","ping_status":"closed","sticky":false,"template":"","format":"standard","meta":{"footnotes":""},"categories":[1842,1979],"tags":[2100,2101,1848,2088,2104,2102,2103,1849],"class_list":["post-77687","post","type-post","status-publish","format-standard","has-post-thumbnail","category-comunicati-stampa","category-europa","tag-climate-perception","tag-comunicato-stampa","tag-europe","tag-mediterranean","tag-mediterraneo","tag-ondate-di-calore","tag-percezione-climatica","tag-press-release"],"yoast_head":"<!-- This site is optimized with the Yoast SEO plugin v28.1 - https:\/\/yoast.com\/product\/yoast-seo-wordpress\/ -->\n<title>Il caldo estremo influenza la percezione dell\u2019Europa nel 2026<\/title>\n<meta name=\"description\" content=\"Leggi il comunicato stampa completo e scarica il report: \u201cIl caldo inizia a cambiare la percezione dei viaggiatori sul Mediterraneo nel 2026\u201d\" \/>\n<meta name=\"robots\" content=\"index, follow, max-snippet:-1, max-image-preview:large, max-video-preview:-1\" \/>\n<link rel=\"canonical\" href=\"https:\/\/datappeal.io\/it\/il-caldo-estremo-inizia-a-ridefinire-la-percezione-dei-viaggiatori-verso-leuropa-mediterranea-nel-2026\/\" \/>\n<meta property=\"og:locale\" content=\"it_IT\" \/>\n<meta property=\"og:type\" content=\"article\" \/>\n<meta property=\"og:title\" content=\"Il caldo estremo influenza la percezione dell\u2019Europa nel 2026\" \/>\n<meta property=\"og:description\" content=\"Leggi il comunicato stampa completo e scarica il report: \u201cIl caldo inizia a cambiare la percezione dei viaggiatori sul Mediterraneo nel 2026\u201d\" \/>\n<meta property=\"og:url\" content=\"https:\/\/datappeal.io\/it\/il-caldo-estremo-inizia-a-ridefinire-la-percezione-dei-viaggiatori-verso-leuropa-mediterranea-nel-2026\/\" \/>\n<meta property=\"og:site_name\" content=\"Data Appeal\" \/>\n<meta property=\"article:published_time\" content=\"2026-09-01T08:54:26+00:00\" \/>\n<meta property=\"article:modified_time\" content=\"2026-09-01T08:54:39+00:00\" \/>\n<meta property=\"og:image\" content=\"https:\/\/datappeal.io\/wp-content\/uploads\/2026\/08\/header-PR_perception-index-1.png\" \/>\n\t<meta property=\"og:image:width\" content=\"1920\" \/>\n\t<meta property=\"og:image:height\" content=\"1184\" \/>\n\t<meta property=\"og:image:type\" content=\"image\/png\" \/>\n<meta name=\"author\" content=\"margherita.nieri\" \/>\n<meta name=\"twitter:card\" content=\"summary_large_image\" \/>\n<meta name=\"twitter:image\" content=\"https:\/\/datappeal.io\/wp-content\/uploads\/2026\/08\/header-PR_perception-index-1.png\" \/>\n<meta name=\"twitter:label1\" content=\"Scritto da\" \/>\n\t<meta name=\"twitter:data1\" content=\"margherita.nieri\" \/>\n\t<meta name=\"twitter:label2\" content=\"Tempo di lettura stimato\" \/>\n\t<meta name=\"twitter:data2\" content=\"6 minuti\" \/>\n<script type=\"application\/ld+json\" class=\"yoast-schema-graph\">{\"@context\":\"https:\\\/\\\/schema.org\",\"@graph\":[{\"@type\":\"Article\",\"@id\":\"https:\\\/\\\/datappeal.io\\\/it\\\/il-caldo-estremo-inizia-a-ridefinire-la-percezione-dei-viaggiatori-verso-leuropa-mediterranea-nel-2026\\\/#article\",\"isPartOf\":{\"@id\":\"https:\\\/\\\/datappeal.io\\\/it\\\/il-caldo-estremo-inizia-a-ridefinire-la-percezione-dei-viaggiatori-verso-leuropa-mediterranea-nel-2026\\\/\"},\"author\":{\"name\":\"margherita.nieri\",\"@id\":\"https:\\\/\\\/datappeal.io\\\/#\\\/schema\\\/person\\\/18a04a536c9eb07dd10bdef018441bf0\"},\"headline\":\"Il caldo estremo inizia a ridefinire la percezione dei viaggiatori verso l\u2019Europa mediterranea nel 2026\",\"datePublished\":\"2026-09-01T08:54:26+00:00\",\"dateModified\":\"2026-09-01T08:54:39+00:00\",\"mainEntityOfPage\":{\"@id\":\"https:\\\/\\\/datappeal.io\\\/it\\\/il-caldo-estremo-inizia-a-ridefinire-la-percezione-dei-viaggiatori-verso-leuropa-mediterranea-nel-2026\\\/\"},\"wordCount\":1347,\"publisher\":{\"@id\":\"https:\\\/\\\/datappeal.io\\\/#organization\"},\"image\":{\"@id\":\"https:\\\/\\\/datappeal.io\\\/it\\\/il-caldo-estremo-inizia-a-ridefinire-la-percezione-dei-viaggiatori-verso-leuropa-mediterranea-nel-2026\\\/#primaryimage\"},\"thumbnailUrl\":\"https:\\\/\\\/datappeal.io\\\/wp-content\\\/uploads\\\/2026\\\/08\\\/header-PR_perception-index-1.png\",\"keywords\":[\"climate perception\",\"comunicato stampa\",\"Europe\",\"mediterranean\",\"mediterraneo\",\"ondate di calore\",\"percezione climatica\",\"press release\"],\"articleSection\":[\"Comunicati stampa\",\"Europa\"],\"inLanguage\":\"it-IT\"},{\"@type\":\"WebPage\",\"@id\":\"https:\\\/\\\/datappeal.io\\\/it\\\/il-caldo-estremo-inizia-a-ridefinire-la-percezione-dei-viaggiatori-verso-leuropa-mediterranea-nel-2026\\\/\",\"url\":\"https:\\\/\\\/datappeal.io\\\/it\\\/il-caldo-estremo-inizia-a-ridefinire-la-percezione-dei-viaggiatori-verso-leuropa-mediterranea-nel-2026\\\/\",\"name\":\"Il caldo estremo influenza la percezione dell\u2019Europa nel 2026\",\"isPartOf\":{\"@id\":\"https:\\\/\\\/datappeal.io\\\/#website\"},\"primaryImageOfPage\":{\"@id\":\"https:\\\/\\\/datappeal.io\\\/it\\\/il-caldo-estremo-inizia-a-ridefinire-la-percezione-dei-viaggiatori-verso-leuropa-mediterranea-nel-2026\\\/#primaryimage\"},\"image\":{\"@id\":\"https:\\\/\\\/datappeal.io\\\/it\\\/il-caldo-estremo-inizia-a-ridefinire-la-percezione-dei-viaggiatori-verso-leuropa-mediterranea-nel-2026\\\/#primaryimage\"},\"thumbnailUrl\":\"https:\\\/\\\/datappeal.io\\\/wp-content\\\/uploads\\\/2026\\\/08\\\/header-PR_perception-index-1.png\",\"datePublished\":\"2026-09-01T08:54:26+00:00\",\"dateModified\":\"2026-09-01T08:54:39+00:00\",\"description\":\"Leggi il comunicato stampa completo e scarica il report: \u201cIl caldo inizia a cambiare la percezione dei viaggiatori sul Mediterraneo nel 2026\u201d\",\"breadcrumb\":{\"@id\":\"https:\\\/\\\/datappeal.io\\\/it\\\/il-caldo-estremo-inizia-a-ridefinire-la-percezione-dei-viaggiatori-verso-leuropa-mediterranea-nel-2026\\\/#breadcrumb\"},\"inLanguage\":\"it-IT\",\"potentialAction\":[{\"@type\":\"ReadAction\",\"target\":[\"https:\\\/\\\/datappeal.io\\\/it\\\/il-caldo-estremo-inizia-a-ridefinire-la-percezione-dei-viaggiatori-verso-leuropa-mediterranea-nel-2026\\\/\"]}]},{\"@type\":\"ImageObject\",\"inLanguage\":\"it-IT\",\"@id\":\"https:\\\/\\\/datappeal.io\\\/it\\\/il-caldo-estremo-inizia-a-ridefinire-la-percezione-dei-viaggiatori-verso-leuropa-mediterranea-nel-2026\\\/#primaryimage\",\"url\":\"https:\\\/\\\/datappeal.io\\\/wp-content\\\/uploads\\\/2026\\\/08\\\/header-PR_perception-index-1.png\",\"contentUrl\":\"https:\\\/\\\/datappeal.io\\\/wp-content\\\/uploads\\\/2026\\\/08\\\/header-PR_perception-index-1.png\",\"width\":1920,\"height\":1184,\"caption\":\"View of Portugal seaside - Study on perception of climate index in the Mediterranean\"},{\"@type\":\"BreadcrumbList\",\"@id\":\"https:\\\/\\\/datappeal.io\\\/it\\\/il-caldo-estremo-inizia-a-ridefinire-la-percezione-dei-viaggiatori-verso-leuropa-mediterranea-nel-2026\\\/#breadcrumb\",\"itemListElement\":[{\"@type\":\"ListItem\",\"position\":1,\"name\":\"Home\",\"item\":\"https:\\\/\\\/datappeal.io\\\/it\\\/\"},{\"@type\":\"ListItem\",\"position\":2,\"name\":\"Il caldo estremo inizia a ridefinire la percezione dei viaggiatori verso l\u2019Europa mediterranea nel 2026\"}]},{\"@type\":\"WebSite\",\"@id\":\"https:\\\/\\\/datappeal.io\\\/#website\",\"url\":\"https:\\\/\\\/datappeal.io\\\/\",\"name\":\"Data Appeal\",\"description\":\"Data-driven solutions for sustainable growth\",\"publisher\":{\"@id\":\"https:\\\/\\\/datappeal.io\\\/#organization\"},\"potentialAction\":[{\"@type\":\"SearchAction\",\"target\":{\"@type\":\"EntryPoint\",\"urlTemplate\":\"https:\\\/\\\/datappeal.io\\\/?s={search_term_string}\"},\"query-input\":{\"@type\":\"PropertyValueSpecification\",\"valueRequired\":true,\"valueName\":\"search_term_string\"}}],\"inLanguage\":\"it-IT\"},{\"@type\":\"Organization\",\"@id\":\"https:\\\/\\\/datappeal.io\\\/#organization\",\"name\":\"Data Appeal\",\"url\":\"https:\\\/\\\/datappeal.io\\\/\",\"logo\":{\"@type\":\"ImageObject\",\"inLanguage\":\"it-IT\",\"@id\":\"https:\\\/\\\/datappeal.io\\\/#\\\/schema\\\/logo\\\/image\\\/\",\"url\":\"https:\\\/\\\/datappeal.io\\\/wp-content\\\/uploads\\\/2023\\\/06\\\/data-appeal-logo.png\",\"contentUrl\":\"https:\\\/\\\/datappeal.io\\\/wp-content\\\/uploads\\\/2023\\\/06\\\/data-appeal-logo.png\",\"width\":1500,\"height\":533,\"caption\":\"Data Appeal\"},\"image\":{\"@id\":\"https:\\\/\\\/datappeal.io\\\/#\\\/schema\\\/logo\\\/image\\\/\"}},{\"@type\":\"Person\",\"@id\":\"https:\\\/\\\/datappeal.io\\\/#\\\/schema\\\/person\\\/18a04a536c9eb07dd10bdef018441bf0\",\"name\":\"margherita.nieri\",\"image\":{\"@type\":\"ImageObject\",\"inLanguage\":\"it-IT\",\"@id\":\"https:\\\/\\\/secure.gravatar.com\\\/avatar\\\/b2c1fc6e7352bc14548fbdccdd8a02938c0edd7d30a9aef576034d08e0f7d9c1?s=96&d=mm&r=g\",\"url\":\"https:\\\/\\\/secure.gravatar.com\\\/avatar\\\/b2c1fc6e7352bc14548fbdccdd8a02938c0edd7d30a9aef576034d08e0f7d9c1?s=96&d=mm&r=g\",\"contentUrl\":\"https:\\\/\\\/secure.gravatar.com\\\/avatar\\\/b2c1fc6e7352bc14548fbdccdd8a02938c0edd7d30a9aef576034d08e0f7d9c1?s=96&d=mm&r=g\",\"caption\":\"margherita.nieri\"},\"url\":\"https:\\\/\\\/datappeal.io\\\/it\\\/author\\\/margherita-nieri\\\/\"}]}<\/script>\n<!-- \/ Yoast SEO plugin. -->","yoast_head_json":{"title":"Il caldo estremo influenza la percezione dell\u2019Europa nel 2026","description":"Leggi il comunicato stampa completo e scarica il report: \u201cIl caldo inizia a cambiare la percezione dei viaggiatori sul Mediterraneo nel 2026\u201d","robots":{"index":"index","follow":"follow","max-snippet":"max-snippet:-1","max-image-preview":"max-image-preview:large","max-video-preview":"max-video-preview:-1"},"canonical":"https:\/\/datappeal.io\/it\/il-caldo-estremo-inizia-a-ridefinire-la-percezione-dei-viaggiatori-verso-leuropa-mediterranea-nel-2026\/","og_locale":"it_IT","og_type":"article","og_title":"Il caldo estremo influenza la percezione dell\u2019Europa nel 2026","og_description":"Leggi il comunicato stampa completo e scarica il report: \u201cIl caldo inizia a cambiare la percezione dei viaggiatori sul Mediterraneo nel 2026\u201d","og_url":"https:\/\/datappeal.io\/it\/il-caldo-estremo-inizia-a-ridefinire-la-percezione-dei-viaggiatori-verso-leuropa-mediterranea-nel-2026\/","og_site_name":"Data Appeal","article_published_time":"2026-09-01T08:54:26+00:00","article_modified_time":"2026-09-01T08:54:39+00:00","og_image":[{"width":1920,"height":1184,"url":"https:\/\/datappeal.io\/wp-content\/uploads\/2026\/08\/header-PR_perception-index-1.png","type":"image\/png"}],"author":"margherita.nieri","twitter_card":"summary_large_image","twitter_image":"https:\/\/datappeal.io\/wp-content\/uploads\/2026\/08\/header-PR_perception-index-1.png","twitter_misc":{"Scritto da":"margherita.nieri","Tempo di lettura stimato":"6 minuti"},"schema":{"@context":"https:\/\/schema.org","@graph":[{"@type":"Article","@id":"https:\/\/datappeal.io\/it\/il-caldo-estremo-inizia-a-ridefinire-la-percezione-dei-viaggiatori-verso-leuropa-mediterranea-nel-2026\/#article","isPartOf":{"@id":"https:\/\/datappeal.io\/it\/il-caldo-estremo-inizia-a-ridefinire-la-percezione-dei-viaggiatori-verso-leuropa-mediterranea-nel-2026\/"},"author":{"name":"margherita.nieri","@id":"https:\/\/datappeal.io\/#\/schema\/person\/18a04a536c9eb07dd10bdef018441bf0"},"headline":"Il caldo estremo inizia a ridefinire la percezione dei viaggiatori verso l\u2019Europa mediterranea nel 2026","datePublished":"2026-09-01T08:54:26+00:00","dateModified":"2026-09-01T08:54:39+00:00","mainEntityOfPage":{"@id":"https:\/\/datappeal.io\/it\/il-caldo-estremo-inizia-a-ridefinire-la-percezione-dei-viaggiatori-verso-leuropa-mediterranea-nel-2026\/"},"wordCount":1347,"publisher":{"@id":"https:\/\/datappeal.io\/#organization"},"image":{"@id":"https:\/\/datappeal.io\/it\/il-caldo-estremo-inizia-a-ridefinire-la-percezione-dei-viaggiatori-verso-leuropa-mediterranea-nel-2026\/#primaryimage"},"thumbnailUrl":"https:\/\/datappeal.io\/wp-content\/uploads\/2026\/08\/header-PR_perception-index-1.png","keywords":["climate perception","comunicato stampa","Europe","mediterranean","mediterraneo","ondate di calore","percezione climatica","press release"],"articleSection":["Comunicati stampa","Europa"],"inLanguage":"it-IT"},{"@type":"WebPage","@id":"https:\/\/datappeal.io\/it\/il-caldo-estremo-inizia-a-ridefinire-la-percezione-dei-viaggiatori-verso-leuropa-mediterranea-nel-2026\/","url":"https:\/\/datappeal.io\/it\/il-caldo-estremo-inizia-a-ridefinire-la-percezione-dei-viaggiatori-verso-leuropa-mediterranea-nel-2026\/","name":"Il caldo estremo influenza la percezione dell\u2019Europa nel 2026","isPartOf":{"@id":"https:\/\/datappeal.io\/#website"},"primaryImageOfPage":{"@id":"https:\/\/datappeal.io\/it\/il-caldo-estremo-inizia-a-ridefinire-la-percezione-dei-viaggiatori-verso-leuropa-mediterranea-nel-2026\/#primaryimage"},"image":{"@id":"https:\/\/datappeal.io\/it\/il-caldo-estremo-inizia-a-ridefinire-la-percezione-dei-viaggiatori-verso-leuropa-mediterranea-nel-2026\/#primaryimage"},"thumbnailUrl":"https:\/\/datappeal.io\/wp-content\/uploads\/2026\/08\/header-PR_perception-index-1.png","datePublished":"2026-09-01T08:54:26+00:00","dateModified":"2026-09-01T08:54:39+00:00","description":"Leggi il comunicato stampa completo e scarica il report: \u201cIl caldo inizia a cambiare la percezione dei viaggiatori sul Mediterraneo nel 2026\u201d","breadcrumb":{"@id":"https:\/\/datappeal.io\/it\/il-caldo-estremo-inizia-a-ridefinire-la-percezione-dei-viaggiatori-verso-leuropa-mediterranea-nel-2026\/#breadcrumb"},"inLanguage":"it-IT","potentialAction":[{"@type":"ReadAction","target":["https:\/\/datappeal.io\/it\/il-caldo-estremo-inizia-a-ridefinire-la-percezione-dei-viaggiatori-verso-leuropa-mediterranea-nel-2026\/"]}]},{"@type":"ImageObject","inLanguage":"it-IT","@id":"https:\/\/datappeal.io\/it\/il-caldo-estremo-inizia-a-ridefinire-la-percezione-dei-viaggiatori-verso-leuropa-mediterranea-nel-2026\/#primaryimage","url":"https:\/\/datappeal.io\/wp-content\/uploads\/2026\/08\/header-PR_perception-index-1.png","contentUrl":"https:\/\/datappeal.io\/wp-content\/uploads\/2026\/08\/header-PR_perception-index-1.png","width":1920,"height":1184,"caption":"View of Portugal seaside - Study on perception of climate index in the Mediterranean"},{"@type":"BreadcrumbList","@id":"https:\/\/datappeal.io\/it\/il-caldo-estremo-inizia-a-ridefinire-la-percezione-dei-viaggiatori-verso-leuropa-mediterranea-nel-2026\/#breadcrumb","itemListElement":[{"@type":"ListItem","position":1,"name":"Home","item":"https:\/\/datappeal.io\/it\/"},{"@type":"ListItem","position":2,"name":"Il caldo estremo inizia a ridefinire la percezione dei viaggiatori verso l\u2019Europa mediterranea nel 2026"}]},{"@type":"WebSite","@id":"https:\/\/datappeal.io\/#website","url":"https:\/\/datappeal.io\/","name":"Data Appeal","description":"Data-driven solutions for sustainable growth","publisher":{"@id":"https:\/\/datappeal.io\/#organization"},"potentialAction":[{"@type":"SearchAction","target":{"@type":"EntryPoint","urlTemplate":"https:\/\/datappeal.io\/?s={search_term_string}"},"query-input":{"@type":"PropertyValueSpecification","valueRequired":true,"valueName":"search_term_string"}}],"inLanguage":"it-IT"},{"@type":"Organization","@id":"https:\/\/datappeal.io\/#organization","name":"Data Appeal","url":"https:\/\/datappeal.io\/","logo":{"@type":"ImageObject","inLanguage":"it-IT","@id":"https:\/\/datappeal.io\/#\/schema\/logo\/image\/","url":"https:\/\/datappeal.io\/wp-content\/uploads\/2023\/06\/data-appeal-logo.png","contentUrl":"https:\/\/datappeal.io\/wp-content\/uploads\/2023\/06\/data-appeal-logo.png","width":1500,"height":533,"caption":"Data Appeal"},"image":{"@id":"https:\/\/datappeal.io\/#\/schema\/logo\/image\/"}},{"@type":"Person","@id":"https:\/\/datappeal.io\/#\/schema\/person\/18a04a536c9eb07dd10bdef018441bf0","name":"margherita.nieri","image":{"@type":"ImageObject","inLanguage":"it-IT","@id":"https:\/\/secure.gravatar.com\/avatar\/b2c1fc6e7352bc14548fbdccdd8a02938c0edd7d30a9aef576034d08e0f7d9c1?s=96&d=mm&r=g","url":"https:\/\/secure.gravatar.com\/avatar\/b2c1fc6e7352bc14548fbdccdd8a02938c0edd7d30a9aef576034d08e0f7d9c1?s=96&d=mm&r=g","contentUrl":"https:\/\/secure.gravatar.com\/avatar\/b2c1fc6e7352bc14548fbdccdd8a02938c0edd7d30a9aef576034d08e0f7d9c1?s=96&d=mm&r=g","caption":"margherita.nieri"},"url":"https:\/\/datappeal.io\/it\/author\/margherita-nieri\/"}]}},"_links":{"self":[{"href":"https:\/\/datappeal.io\/it\/wp-json\/wp\/v2\/posts\/77687","targetHints":{"allow":["GET"]}}],"collection":[{"href":"https:\/\/datappeal.io\/it\/wp-json\/wp\/v2\/posts"}],"about":[{"href":"https:\/\/datappeal.io\/it\/wp-json\/wp\/v2\/types\/post"}],"author":[{"embeddable":true,"href":"https:\/\/datappeal.io\/it\/wp-json\/wp\/v2\/users\/2"}],"replies":[{"embeddable":true,"href":"https:\/\/datappeal.io\/it\/wp-json\/wp\/v2\/comments?post=77687"}],"version-history":[{"count":3,"href":"https:\/\/datappeal.io\/it\/wp-json\/wp\/v2\/posts\/77687\/revisions"}],"predecessor-version":[{"id":77710,"href":"https:\/\/datappeal.io\/it\/wp-json\/wp\/v2\/posts\/77687\/revisions\/77710"}],"wp:featuredmedia":[{"embeddable":true,"href":"https:\/\/datappeal.io\/it\/wp-json\/wp\/v2\/media\/77637"}],"wp:attachment":[{"href":"https:\/\/datappeal.io\/it\/wp-json\/wp\/v2\/media?parent=77687"}],"wp:term":[{"taxonomy":"category","embeddable":true,"href":"https:\/\/datappeal.io\/it\/wp-json\/wp\/v2\/categories?post=77687"},{"taxonomy":"post_tag","embeddable":true,"href":"https:\/\/datappeal.io\/it\/wp-json\/wp\/v2\/tags?post=77687"}],"curies":[{"name":"wp","href":"https:\/\/api.w.org\/{rel}","templated":true}]}}